{"id":59132,"date":"2025-09-05T11:00:00","date_gmt":"2025-09-05T14:00:00","guid":{"rendered":"https:\/\/reportei.com\/?p=59132"},"modified":"2026-02-12T11:30:44","modified_gmt":"2026-02-12T14:30:44","slug":"destacados-de-instagram","status":"publish","type":"post","link":"https:\/\/reportei.com\/es\/destacados-de-instagram\/","title":{"rendered":"Destacados de Instagram: utiliza este recurso de forma estrat\u00e9gica"},"content":{"rendered":"\n<h2 class=\"wp-block-heading\" id=\"h-veja-dicas-para-usar-os-destaques-do-instagram-de-forma-estrat-gica-para-alavancar-a-presen-a-da-sua-marca-nas-redes-sociais\">Veja dicas para usar os destaques do Instagram de forma estrat\u00e9gica para alavancar a presen\u00e7a da sua marca nas redes sociais<\/h2>\n\n<p>Os<strong> destaques do Instagram<\/strong> \u2013 ou dos stories \u2013 s\u00e3o uma forma de dar vida longa ao conte\u00fado que, normalmente, desapareceria em 24 horas.\u00a0<\/p>\n\n<p>Sendo assim, ao criar, organizar e personalizar seus destaques, voc\u00ea pode mostrar aspectos importantes da sua marca, compartilhar informa\u00e7\u00f5es relevantes e engajar os seguidores de maneira cont\u00ednua.<\/p>\n\n<p>Neste artigo, voc\u00ea vai descobrir como usar os <strong>destaques do Instagram<\/strong> de forma inteligente para fortalecer sua presen\u00e7a digital, ganhar mais seguidores e, claro, tornar seu perfil ainda mais atrativo. Vamos l\u00e1?<\/p>\n\n<h2 class=\"wp-block-heading\" id=\"h-por-que-os-destaques-do-instagram-s-o-importantes\">Por que os destaques do Instagram s\u00e3o importantes?<\/h2>\n\n<p>Os stories se tornaram uma das ferramentas mais populares dentro do Instagram, justamente pelo fato de serem din\u00e2micos, r\u00e1pidos e por permitirem um relacionamento mais pr\u00f3ximo com os seguidores.\u00a0<\/p>\n\n<p>No entanto, eles t\u00eam dura\u00e7\u00e3o limitada de 24 horas. \u00c9 a\u00ed que entram os destaques do Instagram, que permitem <strong>salvar para sempre os stories que voc\u00ea julga mais relevantes<\/strong>.<\/p>\n\n<p>Ou seja, de forma resumida, esse recurso funciona como uma \u201cvitrine\u201d fixa no topo do seu perfil, logo abaixo da <a href=\"https:\/\/reportei.com\/bio-para-instagram\/\" target=\"_blank\" rel=\"noreferrer noopener\">bio<\/a>, em que cada usu\u00e1rio pode dividir e expor seus melhores conte\u00fados.\u00a0<\/p>\n\n<figure class=\"wp-block-image aligncenter is-resized\"><img decoding=\"async\" src=\"https:\/\/lh7-rt.googleusercontent.com\/docsz\/AD_4nXdwtzCvi9HXiy1DqOQUqJJ0z7-iut3rIHoQ7H1YmjI2bpIi28Uy2fnyz6BSxGOQQCuKNlz1W2vPB4JVln8DfYnvpmMsm_7GHOAhYfOKxtehEocheG1e31dDk7Lb-IYQFpvKffsl?key=amBIyaCV9-iK8-oTiKC5RklT\" alt=\"\" style=\"width:838px;height:auto\" \/><\/figure>\n\n<p><\/p>\n\n<p>Mas por que eles s\u00e3o t\u00e3o importantes para fortalecer sua marca e engajar seguidores? Abaixo, veja algumas das principais raz\u00f5es:<\/p>\n\n<ul class=\"wp-block-list\">\n<li><strong>Exposi\u00e7\u00e3o prolongada de conte\u00fado: <\/strong>em vez de deixar que stories interessantes se percam no tempo, voc\u00ea pode selecionar o que h\u00e1 de mais valioso para a sua audi\u00eancia nos destaques. Isso garante que as pessoas que visitarem seu <a href=\"https:\/\/reportei.com\/perfil-verificado-no-instagram\/\" target=\"_blank\" rel=\"noreferrer noopener\">perfil<\/a> vejam de cara os conte\u00fados que voc\u00ea considera especiais;<\/li>\n\n\n\n<li><strong>Organiza\u00e7\u00e3o e segmenta\u00e7\u00e3o: <\/strong>permitem criar uma estrutura l\u00f3gica para o perfil, separando os conte\u00fados por tema ou campanha \u2013 o que \u00e9 \u00f3timo para que o p\u00fablico encontre rapidamente informa\u00e7\u00f5es sobre produtos, bastidores, depoimentos de clientes e muito mais;<\/li>\n\n\n\n<li><strong>Atra\u00e7\u00e3o e reten\u00e7\u00e3o de seguidores: <\/strong>afinal, uma boa primeira impress\u00e3o pode converter a visita em um \u201cSeguir\u201d, e ainda incentivar o engajamento de quem j\u00e1 acompanha sua conta;<\/li>\n\n\n\n<li><strong>Fortalecimento da marca: <\/strong>cada destaque pode ser personalizado com uma capa que reflita a identidade visual do seu neg\u00f3cio. Isso consolida a imagem da marca, torna o feed mais harmonioso e, consequentemente, transmite profissionalismo.<br \/><\/li>\n<\/ul>\n\n<p>Dito isso, podemos ver como os destaques do Instagram exercem um papel essencial nas estrat\u00e9gias de marketing de uma empresa que deseja se tornar mais relevante na rede.<\/p>\n\n<p><em><strong>&#8211; Leia tamb\u00e9m:<\/strong> <a href=\"https:\/\/reportei.com\/close-friends-do-instagram\/\">Close Friends do Instagram: o que \u00e9 e como usar o Amigos Pr\u00f3ximos no seu neg\u00f3cio<\/a><\/em><\/p>\n\n<h2 class=\"wp-block-heading\" id=\"h-como-criar-destaques-estrat-gicos-para-sua-marca\">Como criar destaques estrat\u00e9gicos para sua marca<\/h2>\n\n<p>Agora que j\u00e1 entendemos a import\u00e2ncia dos destaques, vamos ver como cri\u00e1-los de maneira estrat\u00e9gica para elevar o n\u00edvel do seu <a href=\"https:\/\/reportei.com\/como-converter-um-perfil-pessoal-em-perfil-profissional-no-instagram\/\" target=\"_blank\" rel=\"noreferrer noopener\">perfil profissional no Instagram<\/a>.\u00a0<\/p>\n\n<p>O processo \u00e9 simples, mas existem algumas boas pr\u00e1ticas que podem ser aplicadas para otimizar o resultado. Acompanhe!<\/p>\n\n<h3 class=\"wp-block-heading\" id=\"h-categorias-de-destaques-que-voc-pode-criar\">Categorias de destaques que voc\u00ea pode criar<\/h3>\n\n<p>Para come\u00e7ar, uma das melhores formas de organizar seus destaques do Instagram \u00e9 definir previamente as categorias que far\u00e3o sentido para o seu neg\u00f3cio ou para a sua marca pessoal.\u00a0<\/p>\n\n<p>Dessa forma, se voc\u00ea j\u00e1 tem um <a href=\"https:\/\/reportei.com\/cronograma-de-postagem-no-instagram\/\" target=\"_blank\" rel=\"noreferrer noopener\">planejamento de conte\u00fado para a rede<\/a>, fica mais f\u00e1cil separar os stories conforme cada tema. Confira algumas ideias de categorias:<\/p>\n\n<h4 class=\"wp-block-heading\" id=\"h-1-produtos-ou-servi-os\">1. Produtos ou servi\u00e7os<\/h4>\n\n<p>Caso sua marca seja voltada para vendas, crie destaques que mostrem os principais produtos ou servi\u00e7os que voc\u00ea oferece.\u00a0<\/p>\n\n<p>Nesse espa\u00e7o, podem entrar desde<strong> bastidores do processo de produ\u00e7\u00e3o<\/strong> at\u00e9 <strong>v\u00eddeos demonstrando o funcionamento ou a utilidade <\/strong>de cada item.<\/p>\n\n<figure class=\"wp-block-image aligncenter is-resized\"><img decoding=\"async\" src=\"https:\/\/lh7-rt.googleusercontent.com\/docsz\/AD_4nXeyGM5TgFloqrbY_3KUiWaMp89JqdQS6XWZUZOJXfiD_xQBSfZoDkK0pUUzuXFpUi7xt_C8WlJ2wzCGbC9uX4blFMiZOmqGwqyg5HIQLZMehV3mDrAIOQYHpydzTvn-atIZwtr3?key=amBIyaCV9-iK8-oTiKC5RklT\" alt=\"\" style=\"width:353px;height:auto\" \/><\/figure>\n\n<p><\/p>\n\n<h4 class=\"wp-block-heading\" id=\"h-2-depoimentos-de-clientes\">2. Depoimentos de clientes<\/h4>\n\n<p>Ter um destaque exclusivo para depoimentos e avalia\u00e7\u00f5es ajuda a <strong>criar prova social<\/strong>.\u00a0<\/p>\n\n<p>Por isso, adicione capturas de tela de mensagens positivas ou v\u00eddeos curtos de clientes satisfeitos. Assim, quem visitar o seu perfil poder\u00e1 conferir rapidamente essas recomenda\u00e7\u00f5es.<br \/><\/p>\n\n<h4 class=\"wp-block-heading\" id=\"h-3-bastidores-e-cultura-da-marca\">3. Bastidores e cultura da marca<\/h4>\n\n<p>As pessoas gostam de conhecer o lado humano das empresas. Portanto, mostre detalhes do dia a dia da equipe, processos criativos e a rotina de quem est\u00e1 por tr\u00e1s do produto.\u00a0<\/p>\n\n<p>Afinal,<strong> esse tipo de conte\u00fado gera identifica\u00e7\u00e3o e proximidade<\/strong>.<br \/><\/p>\n\n<h4 class=\"wp-block-heading\" id=\"h-4-d-vidas-frequentes-faq\">4. D\u00favidas frequentes (FAQ)<\/h4>\n\n<p>Se voc\u00ea recebe muitas perguntas sobre entrega, prazos, tamanhos ou funcionalidades, por exemplo, agrupe as respostas em um destaque.\u00a0<\/p>\n\n<p>Dessa forma, <strong>seus seguidores podem tirar d\u00favidas rapidamente<\/strong> e ainda evita-se a repeti\u00e7\u00e3o constante das mesmas perguntas na <a href=\"https:\/\/reportei.com\/dm-do-instagram\/\" target=\"_blank\" rel=\"noreferrer noopener\">DM do Instagram<\/a>, por exemplo.<\/p>\n\n<figure class=\"wp-block-image aligncenter is-resized\"><img decoding=\"async\" src=\"https:\/\/lh7-rt.googleusercontent.com\/docsz\/AD_4nXdyocqqQ-7RXH0EfpR5GFa2YWQINHu8Q6y9nY8LemVYMnDO_cYLcNR65pYo5_L_Nw4JUzjCmIjshKmo-UpuI4bnsCvEsxisbw-70QtA_rxE9ceEvrAjWsJCI24Hvh8EPYAMor8j?key=amBIyaCV9-iK8-oTiKC5RklT\" alt=\"\" style=\"width:388px;height:auto\" \/><figcaption class=\"wp-element-caption\">Imagem: Destaques do <a href=\"https:\/\/www.instagram.com\/rdsummit\/\" target=\"_blank\" rel=\"noreferrer noopener\">Instagram do RD Summit<\/a>.<\/figcaption><\/figure>\n\n<p><\/p>\n\n<h4 class=\"wp-block-heading\" id=\"h-5-promo-es-e-lan-amentos\">5. Promo\u00e7\u00f5es e lan\u00e7amentos<\/h4>\n\n<p>Sempre que lan\u00e7ar um produto novo ou fizer uma promo\u00e7\u00e3o, salve esses stories num destaque espec\u00edfico.\u00a0<\/p>\n\n<p>Desse modo, mesmo quem n\u00e3o acompanhou a publica\u00e7\u00e3o no exato momento<strong> ter\u00e1 chance de saber das novidades e promo\u00e7\u00f5es vigentes<\/strong>.<br \/><\/p>\n\n<h3 class=\"wp-block-heading\" id=\"h-melhores-pr-ticas-para-organizar-seus-destaques-no-instagram\">Melhores pr\u00e1ticas para organizar seus destaques no Instagram<\/h3>\n\n<p>Depois de definir as categorias, \u00e9 hora de organizar esses destaques de um modo que valorizem a sua marca e sejam amig\u00e1veis para o visitante do seu perfil. Veja as melhores pr\u00e1ticas:<\/p>\n\n<h4 class=\"wp-block-heading\" id=\"h-1-ordene-os-destaques\">1. Ordene os destaques<\/h4>\n\n<p>Para isso,<strong> basta adicionar um novo story ao destaque <\/strong>que voc\u00ea deseja colocar na frente, pois ele ser\u00e1 automaticamente levado para a primeira posi\u00e7\u00e3o.\u00a0<\/p>\n\n<p>Se alguma categoria \u00e9 mais importante (por exemplo, uma promo\u00e7\u00e3o vigente), garanta que ela permane\u00e7a sempre em evid\u00eancia.<br \/><\/p>\n\n<h4 class=\"wp-block-heading\" id=\"h-2-defina-t-tulos-claros-e-curtos\">2. Defina t\u00edtulos claros e curtos<\/h4>\n\n<p>Ao nomear cada Destaque, <strong>lembre-se de que h\u00e1 um limite de caracteres<\/strong> e que as pessoas est\u00e3o usando seus smartphones para ler.\u00a0<\/p>\n\n<p>Portanto, use t\u00edtulos objetivos, como \u201cProdutos\u201d, \u201cDepoimentos\u201d, \u201cBastidores\u201d ou \u201cFAQ\u201d. Voc\u00ea tamb\u00e9m pode usar emojis, mas n\u00e3o exagere muito.<\/p>\n\n<figure class=\"wp-block-image aligncenter is-resized\"><img decoding=\"async\" src=\"https:\/\/lh7-rt.googleusercontent.com\/docsz\/AD_4nXfL9o_Z2R4TtQzzDzSQoZgQ9kocwmKUVMa3CWXaN1Wxx89ZwcAH2SyNhe6-R6MqYd1UqDysj6iRmfVz_yNmx50bJn9rlkoxLKxQdktX1MXqwLg_nZb9UsTCfSth8jPk3rWUAvYjmA?key=amBIyaCV9-iK8-oTiKC5RklT\" alt=\"Destaques do Instagram do RD Summit\" style=\"width:820px;height:auto\" \/><figcaption class=\"wp-element-caption\">Imagem: Destaques do Instagram do RD Summit.<\/figcaption><\/figure>\n\n<p><\/p>\n\n<h4 class=\"wp-block-heading\" id=\"h-3-crie-capas-personalizadas\">3. Crie capas personalizadas<\/h4>\n\n<p>Uma capa atrativa faz diferen\u00e7a para<strong> chamar aten\u00e7\u00e3o e refor\u00e7ar a identidade visual<\/strong>.\u00a0<\/p>\n\n<p>\u00c9 nessa etapa que muitas marcas optam por colocar um \u00edcone ou uma ilustra\u00e7\u00e3o que represente o conte\u00fado do Destaque. Al\u00e9m de ficar bonito, ajuda na organiza\u00e7\u00e3o mental de quem est\u00e1 navegando.<br \/><\/p>\n\n<h4 class=\"wp-block-heading\" id=\"h-4-atualize-com-frequ-ncia\">4. Atualize com frequ\u00eancia<\/h4>\n\n<p>Assim como o feed, os destaques do Instagram tamb\u00e9m exigem manuten\u00e7\u00e3o.\u00a0<\/p>\n\n<p>Afinal, se voc\u00ea n\u00e3o atualiza suas cole\u00e7\u00f5es de stories h\u00e1 muito tempo, o p\u00fablico pode achar que o seu perfil n\u00e3o recebe aten\u00e7\u00e3o.\u00a0<\/p>\n\n<p>Portanto, sempre que publicar algo relevante, <strong>avalie se faz sentido adicionar aquele story a um destaque<\/strong> existente ou criar um novo.<\/p>\n\n<figure class=\"wp-block-embed is-type-video is-provider-youtube wp-block-embed-youtube wp-embed-aspect-16-9 wp-has-aspect-ratio\"><div class=\"wp-block-embed__wrapper\">\n<iframe title=\"STORY INSTAGRAM: 10 Hacks SECRETOS para AUMENTAR VIEWS!\" width=\"500\" height=\"281\" src=\"https:\/\/www.youtube.com\/embed\/b9I3DZRb3Hc?feature=oembed\" frameborder=\"0\" allow=\"accelerometer; autoplay; clipboard-write; encrypted-media; gyroscope; picture-in-picture; web-share\" referrerpolicy=\"strict-origin-when-cross-origin\" allowfullscreen><\/iframe> \n<\/div><\/figure>\n\n<p><\/p>\n\n<h3 class=\"wp-block-heading\" id=\"h-dicas-para-criar-capas-e-imagens-personalizadas-para-os-destaques\">Dicas para criar capas e imagens personalizadas para os Destaques<\/h3>\n\n<p>Como dissemos acima, a capa, ou seja, a foto de destaque do Instagram, \u00e9 um cart\u00e3o de visitas para o conte\u00fado que voc\u00ea est\u00e1 apresentando naquela categoria.\u00a0<\/p>\n\n<p>Por isso, investir em um visual coerente com a identidade da marca \u00e9 fundamental. Sendo assim, aqui v\u00e3o algumas dicas para ajudar no processo de cria\u00e7\u00e3o:<\/p>\n\n<h4 class=\"wp-block-heading\" id=\"h-1-ferramentas-de-design\">1. Ferramentas de design<\/h4>\n\n<p>Para quem n\u00e3o tem tanta afinidade com design ou n\u00e3o tem como contratar um profissional no momento, usar ferramentas como o Canva <strong>pode ajudar a criar boas capas para os destaques<\/strong>.\u00a0<\/p>\n\n<p>Afinal, nessas <a href=\"https:\/\/reportei.com\/criar-artes-online\/\" target=\"_blank\" rel=\"noreferrer noopener\">plataformas de design<\/a>, voc\u00ea pode selecionar formatos j\u00e1 pr\u00e9-definidos e simplesmente editar cores, \u00edcones e textos \u2013 o que torna tudo muito mais pr\u00e1tico e r\u00e1pido.<\/p>\n\n<figure class=\"wp-block-image aligncenter is-resized\"><img decoding=\"async\" src=\"https:\/\/lh7-rt.googleusercontent.com\/docsz\/AD_4nXdl1WFX_5EaoqI26r343GRNpnjrAZnyCovX54lJtGRUsUe1ModyJYOzav1tSKZgxRgFPQFmYDhu3u70KG1XnrQkUqcz2nX81q9a9AQT0AlEGaGMMpqUHnFJErgmkontiV-u5t7q?key=amBIyaCV9-iK8-oTiKC5RklT\" alt=\"Modelos de capas para destaques do Instagram\" style=\"width:872px;height:auto\" \/><figcaption class=\"wp-element-caption\">Imagem: Canva.<\/figcaption><\/figure>\n\n<p><\/p>\n\n<h4 class=\"wp-block-heading\" id=\"h-2-padroniza-o\">2. Padroniza\u00e7\u00e3o<\/h4>\n\n<p>Para transmitir unidade visual, <strong>defina uma paleta de cores, tipografias e estilo de \u00edcones <\/strong>que combinem com o restante da sua comunica\u00e7\u00e3o.\u00a0<\/p>\n\n<p>Isso torna seu perfil mais harm\u00f4nico e passa a mensagem de que sua marca se preocupa com detalhes.<br \/><\/p>\n\n<h4 class=\"wp-block-heading\" id=\"h-3-iconografia-clara\">3. Iconografia clara<\/h4>\n\n<p><strong>Use \u00edcones que sejam de f\u00e1cil compreens\u00e3o<\/strong>. Por exemplo, para depoimentos de clientes, voc\u00ea pode apostar em um \u00edcone que remeta a um bal\u00e3o de fala ou a uma \u201cestrela\u201d de avalia\u00e7\u00e3o.\u00a0<\/p>\n\n<p>J\u00e1 para categorias de produtos, voc\u00ea pode usar algo que simbolize o tipo de item que vende, como um carrinho de compras.<br \/><\/p>\n\n<h4 class=\"wp-block-heading\" id=\"h-4-teste-de-leitura\">4. Teste de leitura<\/h4>\n\n<p>Por fim, lembre-se de que as capas ser\u00e3o visualizadas em tamanho reduzido na tela do celular.\u00a0<\/p>\n\n<p>Dessa forma, fa\u00e7a testes para ter certeza de que o texto ou o \u00edcone escolhido est\u00e1 <strong>claro e leg\u00edvel<\/strong>, evitando polui\u00e7\u00e3o visual.<br \/><\/p>\n\n<h3 class=\"wp-block-heading\" id=\"h-como-salvar-e-reutilizar-destaques-do-instagram\">Como salvar e reutilizar destaques do Instagram<\/h3>\n\n<p>Outra fun\u00e7\u00e3o extremamente \u00fatil \u00e9 a possibilidade de salvar destaque do Instagram e reutilizar partes dele em outro momento, seja para repostar um conte\u00fado que voltou a ser tend\u00eancia, ou para criar novas combina\u00e7\u00f5es de stories dentro do mesmo destaque.<\/p>\n\n<p>Abaixo, confira algumas das possibilidades relacionadas aos destaques:<\/p>\n\n<h4 class=\"wp-block-heading\" id=\"h-salvar-seus-stories\">Salvar seus stories<\/h4>\n\n<p>Ao criar um Story, ele fica dispon\u00edvel por 24 horas. Mas se voc\u00ea deseja preserv\u00e1-lo, basta acessar as configura\u00e7\u00f5es do Instagram e ativar o recurso de arquivamento autom\u00e1tico dos Stories.<\/p>\n\n<p>Dessa forma, mesmo que ele saia do ar, ainda estar\u00e1 nos seus arquivos e<strong> poder\u00e1 ser adicionado a um destaque a qualquer momento<\/strong>.<\/p>\n\n<h4 class=\"wp-block-heading\" id=\"h-reaproveitar-conte-dos-para-novos-destaques\">Reaproveitar conte\u00fados para novos Destaques<\/h4>\n\n<p>H\u00e1 situa\u00e7\u00f5es em que voc\u00ea pode precisar<strong> criar um novo destaque usando um story que foi postado h\u00e1 muito tempo<\/strong>.\u00a0<\/p>\n\n<p>Nesse caso, basta ir at\u00e9 o seu Arquivo de Stories (Configura\u00e7\u00f5es &gt; Arquivo), selecionar o post em quest\u00e3o e clicar em \u201cDestacar\u201d. Ent\u00e3o, escolha a categoria onde ele deve ser inserido ou crie uma nova.<\/p>\n\n<p>Essa pr\u00e1tica \u00e9 \u00f3tima para organizar conte\u00fados que se tornaram recorrentes em seu perfil, como campanhas anuais, novas cole\u00e7\u00f5es de produtos e an\u00fancios importantes.<\/p>\n\n<h4 class=\"wp-block-heading\" id=\"h-criar-compila-es-tem-ticas\">Criar \u201ccompila\u00e7\u00f5es\u201d tem\u00e1ticas<\/h4>\n\n<p>Se seu conte\u00fado \u00e9 abrangente, voc\u00ea pode fazer compila\u00e7\u00f5es tem\u00e1ticas, criando um destaque que junte hist\u00f3rias de momentos diferentes, mas relacionadas ao mesmo assunto.\u00a0<\/p>\n\n<p>Isso facilita o acesso do seguidor a todos os v\u00eddeos e fotos dentro de um tema espec\u00edfico.<\/p>\n\n<h4 class=\"wp-block-heading\" id=\"h-excluir-stories-de-um-destaque\">Excluir stories de um destaque<\/h4>\n\n<p>Da mesma forma que adiciona, voc\u00ea pode remover stories de um destaque. Basta clicar nele, entrar no modo de edi\u00e7\u00e3o e selecionar quais publica\u00e7\u00f5es devem sair.\u00a0<\/p>\n\n<p>Essa a\u00e7\u00e3o \u00e9 \u00fatil se voc\u00ea perceber que o conte\u00fado n\u00e3o est\u00e1 mais alinhado ao prop\u00f3sito do destaque ou se j\u00e1 n\u00e3o faz sentido para o seu p\u00fablico no momento.<\/p>\n\n<h3 class=\"wp-block-heading\" id=\"h-conclus-o\">Conclus\u00e3o<\/h3>\n\n<p>Os destaques do Instagram s\u00e3o uma ferramenta poderosa para quem busca engajar seguidores, apresentar produtos\/servi\u00e7os e consolidar a identidade da marca no ambiente digital.\u00a0<\/p>\n\n<p>Quando bem planejados, eles ajudam a organizar as informa\u00e7\u00f5es mais relevantes e criam uma experi\u00eancia de navega\u00e7\u00e3o fluida para o visitante, que rapidamente encontra o que procura e sente mais seguran\u00e7a para se tornar um seguidor ou at\u00e9 mesmo um cliente.<\/p>\n\n<p>Mas, para obter resultados expressivos, lembre-se de:<\/p>\n\n<ul class=\"wp-block-list\">\n<li><strong>Defina categorias claras e coerentes <\/strong>com a proposta do seu neg\u00f3cio;<\/li>\n\n\n\n<li><strong>Use t\u00edtulos objetivos<\/strong>, \u00edcones e imagens personalizadas;<\/li>\n\n\n\n<li><strong>Mantenha seus destaques atualizados<\/strong>, adicionando ou removendo posts conforme as mudan\u00e7as de estrat\u00e9gia ou os lan\u00e7amentos de produtos\/servi\u00e7os;<\/li>\n\n\n\n<li><strong>Aproveite a fun\u00e7\u00e3o de arquivamento <\/strong>para salvar destaque do Instagram e ter a liberdade de reutilizar Stories antigos em novas campanhas ou compila\u00e7\u00f5es.<\/li>\n<\/ul>\n\n<p>Vale ressaltar que colocar essas dicas em pr\u00e1tica \u00e9 o primeiro passo para explorar todo o potencial que o Instagram oferece.\u00a0<\/p>\n\n<p>Com planejamento e criatividade, seus destaques podem se tornar uma vitrine permanente para o que a sua marca tem de melhor!<\/p>\n\n<ul class=\"wp-block-list\">\n<li><strong>Leia tamb\u00e9m: <\/strong><a href=\"https:\/\/reportei.com\/como-utilizar-o-instagram-stories-na-minha-estrategia-digital\/\" target=\"_blank\" rel=\"noreferrer noopener\"><strong>Como utilizar o Instagram Stories na minha estrat\u00e9gia digital?<\/strong><\/a><\/li>\n<\/ul>\n\n<p><\/p>\n","protected":false},"excerpt":{"rendered":"<p>Veja dicas para usar os destaques do Instagram de forma estrat\u00e9gica para alavancar a presen\u00e7a da sua marca nas redes sociais Os destaques do Instagram \u2013 ou dos stories \u2013 s\u00e3o uma forma de dar vida longa ao conte\u00fado que, normalmente, desapareceria em 24 horas.\u00a0 Sendo assim, ao criar, organizar e personalizar seus destaques, voc\u00ea [&hellip;]<\/p>\n","protected":false},"author":8,"featured_media":59138,"comment_status":"open","ping_status":"closed","sticky":false,"template":"","format":"standard","meta":{"inline_featured_image":false,"site-sidebar-layout":"default","site-content-layout":"","ast-site-content-layout":"default","site-content-style":"default","site-sidebar-style":"default","ast-global-header-display":"","ast-banner-title-visibility":"","ast-main-header-display":"","ast-hfb-above-header-display":"","ast-hfb-below-header-display":"","ast-hfb-mobile-header-display":"","site-post-title":"","ast-breadcrumbs-content":"","ast-featured-img":"","footer-sml-layout":"","ast-disable-related-posts":"","theme-transparent-header-meta":"","adv-header-id-meta":"","stick-header-meta":"","header-above-stick-meta":"","header-main-stick-meta":"","header-below-stick-meta":"","astra-migrate-meta-layouts":"set","ast-page-background-enabled":"default","ast-page-background-meta":{"desktop":{"background-color":"var(--ast-global-color-4)","background-image":"","background-repeat":"repeat","background-position":"center center","background-size":"auto","background-attachment":"scroll","background-type":"","background-media":"","overlay-type":"","overlay-color":"","overlay-opacity":"","overlay-gradient":""},"tablet":{"background-color":"","background-image":"","background-repeat":"repeat","background-position":"center center","background-size":"auto","background-attachment":"scroll","background-type":"","background-media":"","overlay-type":"","overlay-color":"","overlay-opacity":"","overlay-gradient":""},"mobile":{"background-color":"","background-image":"","background-repeat":"repeat","background-position":"center center","background-size":"auto","background-attachment":"scroll","background-type":"","background-media":"","overlay-type":"","overlay-color":"","overlay-opacity":"","overlay-gradient":""}},"ast-content-background-meta":{"desktop":{"background-color":"var(--ast-global-color-5)","background-image":"","background-repeat":"repeat","background-position":"center center","background-size":"auto","background-attachment":"scroll","background-type":"","background-media":"","overlay-type":"","overlay-color":"","overlay-opacity":"","overlay-gradient":""},"tablet":{"background-color":"var(--ast-global-color-5)","background-image":"","background-repeat":"repeat","background-position":"center center","background-size":"auto","background-attachment":"scroll","background-type":"","background-media":"","overlay-type":"","overlay-color":"","overlay-opacity":"","overlay-gradient":""},"mobile":{"background-color":"var(--ast-global-color-5)","background-image":"","background-repeat":"repeat","background-position":"center center","background-size":"auto","background-attachment":"scroll","background-type":"","background-media":"","overlay-type":"","overlay-color":"","overlay-opacity":"","overlay-gradient":""}},"footnotes":""},"categories":[3685,3739],"tags":[3704,980,3711],"class_list":["post-59132","post","type-post","status-publish","format-standard","has-post-thumbnail","hentry","category-instagram-3","category-marketing-digital","tag-instagram-es","tag-marketing-digital","tag-redes-sociales"],"_links":{"self":[{"href":"https:\/\/reportei.com\/es\/wp-json\/wp\/v2\/posts\/59132","targetHints":{"allow":["GET"]}}],"collection":[{"href":"https:\/\/reportei.com\/es\/wp-json\/wp\/v2\/posts"}],"about":[{"href":"https:\/\/reportei.com\/es\/wp-json\/wp\/v2\/types\/post"}],"author":[{"embeddable":true,"href":"https:\/\/reportei.com\/es\/wp-json\/wp\/v2\/users\/8"}],"replies":[{"embeddable":true,"href":"https:\/\/reportei.com\/es\/wp-json\/wp\/v2\/comments?post=59132"}],"version-history":[{"count":4,"href":"https:\/\/reportei.com\/es\/wp-json\/wp\/v2\/posts\/59132\/revisions"}],"predecessor-version":[{"id":65524,"href":"https:\/\/reportei.com\/es\/wp-json\/wp\/v2\/posts\/59132\/revisions\/65524"}],"wp:featuredmedia":[{"embeddable":true,"href":"https:\/\/reportei.com\/es\/wp-json\/wp\/v2\/media\/59138"}],"wp:attachment":[{"href":"https:\/\/reportei.com\/es\/wp-json\/wp\/v2\/media?parent=59132"}],"wp:term":[{"taxonomy":"category","embeddable":true,"href":"https:\/\/reportei.com\/es\/wp-json\/wp\/v2\/categories?post=59132"},{"taxonomy":"post_tag","embeddable":true,"href":"https:\/\/reportei.com\/es\/wp-json\/wp\/v2\/tags?post=59132"}],"curies":[{"name":"wp","href":"https:\/\/api.w.org\/{rel}","templated":true}]}}